{"id":197,"date":"2015-07-09T15:17:05","date_gmt":"2015-07-09T14:17:05","guid":{"rendered":"http:\/\/timothee.ch\/?p=197"},"modified":"2015-10-03T11:04:04","modified_gmt":"2015-10-03T10:04:04","slug":"swissartspace","status":"publish","type":"post","link":"https:\/\/www.timothee.ch\/swissartspace\/","title":{"rendered":"Galerie SwissArtSpace \u00e0 Lausanne juillet 2015 map:ici"},"content":{"rendered":"<h2 style=\"text-align: left;\"><\/h2>\n<h2 style=\"text-align: left;\"><span style=\"color: #000000;\">Tous \u00e0 la galerie !<br \/>\n<\/span><\/h2>\n<p>&nbsp;<\/p>\n<h1 class=\"r\" style=\"padding-left: 90px;\"><a href=\"http:\/\/swissartspace.blogspot.com\/\">Swiss Art Space<\/a><\/h1>\n<p><img loading=\"lazy\" decoding=\"async\" class=\"aligncenter size-thumbnail imggk-541\" src=\"https:\/\/www.timothee.ch\/imagesgk\/2015\/06\/SAS_2-300x225.jpg\" alt=\"SAS_2\" width=\"300\" height=\"225\" \/><\/p>\n<p>&nbsp;<\/p>\n<h3 style=\"padding-left: 360px;\"><strong><span style=\"color: #ff0000;\">Th\u00e8me SALON D&rsquo;\u00c9T\u00c9<\/span> <\/strong><\/h3>\n<p>&nbsp;<\/p>\n<p>9-25 juillet 2015<\/p>\n<p>Lausanne Rue du Valentin 32<\/p>\n<p>&nbsp;<\/p>\n<p style=\"text-align: left;\"><a href=\"http:\/\/www.swissartspace.com\/\">http:\/\/www.swissartspace.com\/<\/a><\/p>\n<p><a href=\"http:\/\/swissartspace.blogspot.ch\/\">http:\/\/swissartspace.blogspot.ch\/<\/a><\/p>\n<p style=\"text-align: left;\">\n","protected":false},"excerpt":{"rendered":"<p>Tous \u00e0 la galerie ! &nbsp; Swiss Art Space &nbsp; Th\u00e8me SALON D&rsquo;\u00c9T\u00c9 &nbsp; 9-25 juillet 2015 Lausanne Rue du Valentin 32 &nbsp; http:\/\/www.swissartspace.com\/ http:\/\/swissartspace.blogspot.ch\/<\/p>\n","protected":false},"author":7,"featured_media":0,"comment_status":"closed","ping_status":"closed","sticky":false,"template":"","format":"standard","meta":{"footnotes":""},"categories":[6],"tags":[],"class_list":["post-197","post","type-post","status-publish","format-standard","hentry","category-expos"],"_links":{"self":[{"href":"https:\/\/www.timothee.ch\/api-json-gk\/wp\/v2\/posts\/197","targetHints":{"allow":["GET"]}}],"collection":[{"href":"https:\/\/www.timothee.ch\/api-json-gk\/wp\/v2\/posts"}],"about":[{"href":"https:\/\/www.timothee.ch\/api-json-gk\/wp\/v2\/types\/post"}],"author":[{"embeddable":true,"href":"https:\/\/www.timothee.ch\/api-json-gk\/wp\/v2\/users\/7"}],"replies":[{"embeddable":true,"href":"https:\/\/www.timothee.ch\/api-json-gk\/wp\/v2\/comments?post=197"}],"version-history":[{"count":4,"href":"https:\/\/www.timothee.ch\/api-json-gk\/wp\/v2\/posts\/197\/revisions"}],"predecessor-version":[{"id":545,"href":"https:\/\/www.timothee.ch\/api-json-gk\/wp\/v2\/posts\/197\/revisions\/545"}],"wp:attachment":[{"href":"https:\/\/www.timothee.ch\/api-json-gk\/wp\/v2\/media?parent=197"}],"wp:term":[{"taxonomy":"category","embeddable":true,"href":"https:\/\/www.timothee.ch\/api-json-gk\/wp\/v2\/categories?post=197"},{"taxonomy":"post_tag","embeddable":true,"href":"https:\/\/www.timothee.ch\/api-json-gk\/wp\/v2\/tags?post=197"}],"curies":[{"name":"wp","href":"https:\/\/api.w.org\/{rel}","templated":true}]}}