{"id":154,"date":"2013-09-21T14:24:35","date_gmt":"2013-09-21T13:24:35","guid":{"rendered":"http:\/\/timothee.ch\/?p=154"},"modified":"2015-03-31T10:34:46","modified_gmt":"2015-03-31T09:34:46","slug":"marche-suivez-nous","status":"publish","type":"post","link":"https:\/\/www.timothee.ch\/marche-suivez-nous\/","title":{"rendered":"March\u00e9 SUIVEZ-NOUS artisants-cr\u00e9ateurs de la Palud"},"content":{"rendered":"<p>March\u00e9 <a href=\"http:\/\/suivez-nous.artisans-createurs.ch\/\">SUIVEZ-NOUS artisants-cr\u00e9ateurs<\/a> de la Palud. Lausanne 21 septembre 2013 Place-St-Fran\u00e7ois.<\/p>\n<p>&nbsp;<\/p>\n<p><img loading=\"lazy\" decoding=\"async\" class=\"aligncenter size-medium imggk-422\" src=\"https:\/\/www.timothee.ch\/imagesgk\/2013\/09\/21.09.2013-600x338.jpg\" alt=\"21.09.2013\" width=\"600\" height=\"338\" srcset=\"https:\/\/www.timothee.ch\/imagesgk\/2013\/09\/21.09.2013-600x338.jpg 600w, https:\/\/www.timothee.ch\/imagesgk\/2013\/09\/21.09.2013-1024x577.jpg 1024w, https:\/\/www.timothee.ch\/imagesgk\/2013\/09\/21.09.2013.jpg 2048w\" sizes=\"auto, (max-width: 600px) 100vw, 600px\" \/><\/p>\n<p>&nbsp;<\/p>\n","protected":false},"excerpt":{"rendered":"<p>March\u00e9 SUIVEZ-NOUS artisants-cr\u00e9ateurs de la Palud. Lausanne 21 septembre 2013 Place-St-Fran\u00e7ois. &nbsp; &nbsp;<\/p>\n","protected":false},"author":7,"featured_media":0,"comment_status":"open","ping_status":"open","sticky":false,"template":"","format":"standard","meta":{"footnotes":""},"categories":[6],"tags":[],"class_list":["post-154","post","type-post","status-publish","format-standard","hentry","category-expos"],"_links":{"self":[{"href":"https:\/\/www.timothee.ch\/api-json-gk\/wp\/v2\/posts\/154","targetHints":{"allow":["GET"]}}],"collection":[{"href":"https:\/\/www.timothee.ch\/api-json-gk\/wp\/v2\/posts"}],"about":[{"href":"https:\/\/www.timothee.ch\/api-json-gk\/wp\/v2\/types\/post"}],"author":[{"embeddable":true,"href":"https:\/\/www.timothee.ch\/api-json-gk\/wp\/v2\/users\/7"}],"replies":[{"embeddable":true,"href":"https:\/\/www.timothee.ch\/api-json-gk\/wp\/v2\/comments?post=154"}],"version-history":[{"count":2,"href":"https:\/\/www.timothee.ch\/api-json-gk\/wp\/v2\/posts\/154\/revisions"}],"predecessor-version":[{"id":423,"href":"https:\/\/www.timothee.ch\/api-json-gk\/wp\/v2\/posts\/154\/revisions\/423"}],"wp:attachment":[{"href":"https:\/\/www.timothee.ch\/api-json-gk\/wp\/v2\/media?parent=154"}],"wp:term":[{"taxonomy":"category","embeddable":true,"href":"https:\/\/www.timothee.ch\/api-json-gk\/wp\/v2\/categories?post=154"},{"taxonomy":"post_tag","embeddable":true,"href":"https:\/\/www.timothee.ch\/api-json-gk\/wp\/v2\/tags?post=154"}],"curies":[{"name":"wp","href":"https:\/\/api.w.org\/{rel}","templated":true}]}}